{"id":7733,"date":"2022-02-26T10:36:20","date_gmt":"2022-02-26T09:36:20","guid":{"rendered":"https:\/\/butikcmyk.dk\/blog\/?p=7733"},"modified":"2022-05-21T12:02:11","modified_gmt":"2022-05-21T10:02:11","slug":"cmykkld-lukker-og-slukker-og-bukker","status":"publish","type":"post","link":"https:\/\/butikcmyk.dk\/blog\/2022\/posters-plakater-a4\/cmykkld-lukker-og-slukker-og-bukker\/","title":{"rendered":"CMYKkld lukker og slukker og bukker"},"content":{"rendered":"<p><a href=\"https:\/\/butikcmyk.dk\/blog\/wp-content\/uploads\/2022\/02\/img_9309_cropped.jpg\"><img loading=\"lazy\" decoding=\"async\" class=\"alignnone size-full wp-image-7735\" src=\"https:\/\/butikcmyk.dk\/blog\/wp-content\/uploads\/2022\/02\/img_9309_cropped.jpg\" alt=\"\" width=\"1095\" height=\"1736\" srcset=\"https:\/\/butikcmyk.dk\/blog\/wp-content\/uploads\/2022\/02\/img_9309_cropped.jpg 1095w, https:\/\/butikcmyk.dk\/blog\/wp-content\/uploads\/2022\/02\/img_9309_cropped-189x300.jpg 189w, https:\/\/butikcmyk.dk\/blog\/wp-content\/uploads\/2022\/02\/img_9309_cropped-646x1024.jpg 646w, https:\/\/butikcmyk.dk\/blog\/wp-content\/uploads\/2022\/02\/img_9309_cropped-768x1218.jpg 768w, https:\/\/butikcmyk.dk\/blog\/wp-content\/uploads\/2022\/02\/img_9309_cropped-969x1536.jpg 969w\" sizes=\"auto, (max-width: 709px) 85vw, (max-width: 909px) 67vw, (max-width: 1362px) 62vw, 840px\" \/><\/a><\/p>\n<p>Vi har solgt tegninger, plakater, tryk, b\u00f8ger og rammer i snart 16 \u00e5r.<\/p>\n<p>Det har l\u00e6nge v\u00e6ret sjovt, da vi har gjort det p\u00e5 vores egen m\u00e5de, efter vores personlige interesser og idealer. Men nu er det tid til at slutter, og tid for os, til at pr\u00f8ve noget andet.<\/p>\n<p>Det har bestemt ikke v\u00e6ret en let beslutning, men det f\u00f8les endeligt som den helt rigtige. Derfor t\u00f8r vi nu omsider sige det h\u00f8jt.<\/p>\n<p>Solen skinner og vi g\u00e5r igang med udsalg, fra i dag l\u00f8rdag d. 26\/2 er der 20% RABAT p\u00e5 alle vores plakater.<\/p>\n<p><strong>Opdatering: Sidste dag med kunstsalg i CMYKkld er d. 4\/6-2022.<\/strong><\/p>\n<p>Vi har kun lavet 2-10 af hvert motiv, s\u00e5 vi forventer at de mest popul\u00e6re snart vil udg\u00e5, og flere stille og roligt f\u00f8lge efter.<\/p>\n<p><em>Udsalget vedr\u00f8rer kun plakater st\u00f8rre end A4.<\/em> Der er ikke rabat p\u00e5 A4 plakaterne som vi laver p\u00e5 stedet. Der er forel\u00f8big heller ikke rabat p\u00e5 netsalg. Ej heller p\u00e5 l\u00f8s-k\u00f8b af rammer.<\/p>\n<p>Vi h\u00e5ber at stamkunder og andre s\u00f8de mennesker vil kigge indenfor i l\u00f8bet af de n\u00e6ste par m\u00e5neder, om ikke andet for en lille farvel snak og en stor tak. Det er jo begejstringen fra kunderne over de forholdsvis mange \u00e5r, som har holdt os k\u00f8rende. ;)<\/p>\n<p>Mange hilsner fra CMYKkld-holdet<br \/>\nJesper, Sara og Maya<\/p>\n<p><a href=\"https:\/\/butikcmyk.dk\/blog\/wp-content\/uploads\/2022\/02\/img_20220224_160122_cropped.jpg\"><img loading=\"lazy\" decoding=\"async\" class=\"alignleft wp-image-7734 size-medium\" src=\"https:\/\/butikcmyk.dk\/blog\/wp-content\/uploads\/2022\/02\/img_20220224_160122_cropped-300x300.jpg\" alt=\"\" width=\"300\" height=\"300\" srcset=\"https:\/\/butikcmyk.dk\/blog\/wp-content\/uploads\/2022\/02\/img_20220224_160122_cropped-300x300.jpg 300w, https:\/\/butikcmyk.dk\/blog\/wp-content\/uploads\/2022\/02\/img_20220224_160122_cropped-150x150.jpg 150w, https:\/\/butikcmyk.dk\/blog\/wp-content\/uploads\/2022\/02\/img_20220224_160122_cropped-768x768.jpg 768w, https:\/\/butikcmyk.dk\/blog\/wp-content\/uploads\/2022\/02\/img_20220224_160122_cropped-24x24.jpg 24w, https:\/\/butikcmyk.dk\/blog\/wp-content\/uploads\/2022\/02\/img_20220224_160122_cropped-48x48.jpg 48w, https:\/\/butikcmyk.dk\/blog\/wp-content\/uploads\/2022\/02\/img_20220224_160122_cropped-96x96.jpg 96w, https:\/\/butikcmyk.dk\/blog\/wp-content\/uploads\/2022\/02\/img_20220224_160122_cropped.jpg 971w\" sizes=\"auto, (max-width: 300px) 85vw, 300px\" \/><\/a><\/p>\n","protected":false},"excerpt":{"rendered":"<p>Vi har solgt tegninger, plakater, tryk, b\u00f8ger og rammer i snart 16 \u00e5r. Det har l\u00e6nge v\u00e6ret sjovt, da vi har gjort det p\u00e5 vores egen m\u00e5de, efter vores personlige interesser og idealer. Men nu er det tid til at slutter, og tid for os, til at pr\u00f8ve noget andet. Det har bestemt ikke v\u00e6ret &hellip; <a href=\"https:\/\/butikcmyk.dk\/blog\/2022\/posters-plakater-a4\/cmykkld-lukker-og-slukker-og-bukker\/\" class=\"more-link\">L\u00e6s videre<span class=\"screen-reader-text\"> &#8220;CMYKkld lukker og slukker og bukker&#8221;<\/span><\/a><\/p>\n","protected":false},"author":1,"featured_media":0,"comment_status":"closed","ping_status":"closed","sticky":false,"template":"","format":"standard","meta":{"footnotes":""},"categories":[5],"tags":[144],"class_list":["post-7733","post","type-post","status-publish","format-standard","hentry","category-posters-plakater-a4","tag-slut"],"_links":{"self":[{"href":"https:\/\/butikcmyk.dk\/blog\/wp-json\/wp\/v2\/posts\/7733","targetHints":{"allow":["GET"]}}],"collection":[{"href":"https:\/\/butikcmyk.dk\/blog\/wp-json\/wp\/v2\/posts"}],"about":[{"href":"https:\/\/butikcmyk.dk\/blog\/wp-json\/wp\/v2\/types\/post"}],"author":[{"embeddable":true,"href":"https:\/\/butikcmyk.dk\/blog\/wp-json\/wp\/v2\/users\/1"}],"replies":[{"embeddable":true,"href":"https:\/\/butikcmyk.dk\/blog\/wp-json\/wp\/v2\/comments?post=7733"}],"version-history":[{"count":5,"href":"https:\/\/butikcmyk.dk\/blog\/wp-json\/wp\/v2\/posts\/7733\/revisions"}],"predecessor-version":[{"id":7742,"href":"https:\/\/butikcmyk.dk\/blog\/wp-json\/wp\/v2\/posts\/7733\/revisions\/7742"}],"wp:attachment":[{"href":"https:\/\/butikcmyk.dk\/blog\/wp-json\/wp\/v2\/media?parent=7733"}],"wp:term":[{"taxonomy":"category","embeddable":true,"href":"https:\/\/butikcmyk.dk\/blog\/wp-json\/wp\/v2\/categories?post=7733"},{"taxonomy":"post_tag","embeddable":true,"href":"https:\/\/butikcmyk.dk\/blog\/wp-json\/wp\/v2\/tags?post=7733"}],"curies":[{"name":"wp","href":"https:\/\/api.w.org\/{rel}","templated":true}]}}