{"id":7478,"date":"2021-03-15T00:08:43","date_gmt":"2021-03-14T23:08:43","guid":{"rendered":"https:\/\/butikcmyk.dk\/blog\/?p=7478"},"modified":"2021-09-08T14:53:07","modified_gmt":"2021-09-08T12:53:07","slug":"jeg-tegner-alting-op-igen-en-udstilling-af-tomas-lagermand-lundme","status":"publish","type":"post","link":"https:\/\/butikcmyk.dk\/blog\/2021\/exhibitions-udstillinger\/jeg-tegner-alting-op-igen-en-udstilling-af-tomas-lagermand-lundme\/","title":{"rendered":"Jeg Tegner Alting Op Igen &#8211; En udstilling af Tomas Lagermand Lundme"},"content":{"rendered":"<p><a href=\"https:\/\/butikcmyk.dk\/blog\/wp-content\/uploads\/2021\/03\/tol_jeg-tegner-alting-op-igen_udstillingsplakat_web.jpg\"><img loading=\"lazy\" decoding=\"async\" class=\"alignnone size-full wp-image-7480\" src=\"https:\/\/butikcmyk.dk\/blog\/wp-content\/uploads\/2021\/03\/tol_jeg-tegner-alting-op-igen_udstillingsplakat_web.jpg\" alt=\"\" width=\"620\" height=\"877\" srcset=\"https:\/\/butikcmyk.dk\/blog\/wp-content\/uploads\/2021\/03\/tol_jeg-tegner-alting-op-igen_udstillingsplakat_web.jpg 620w, https:\/\/butikcmyk.dk\/blog\/wp-content\/uploads\/2021\/03\/tol_jeg-tegner-alting-op-igen_udstillingsplakat_web-212x300.jpg 212w\" sizes=\"auto, (max-width: 709px) 85vw, (max-width: 909px) 67vw, (max-width: 984px) 61vw, (max-width: 1362px) 45vw, 600px\" \/><\/a><\/p>\n<p>Udstillingsperiode: 16\/3 &#8211; 17\/4 2021.<br \/>\nFyraftens opl\u00e6sning: 15\/4, kl. 17.00<\/p>\n<p>Verden har v\u00e6ret lukket ned. Nu \u00e5bner den gradvist op igen. Kunstneren Tomas Lagermand Lundme tolker det p\u00e5 sin helt egen m\u00e5de i en r\u00e6kke nye tegninger, hvor de dage, som har tegnet vores tid p\u00e5 det seneste, s\u00e6tter sine markante udtryk. Det er tegninger, der blandt andet handler om angst, m\u00f8rke og isolation. Men ogs\u00e5 om h\u00e5b, dr\u00f8mme og tanker om et liv, som de andre lever. Oftest er det tegninger med et st\u00e6rkt og b\u00e6rende tekstgreb, der s\u00e6tter det, vi ser helt konkret, ind i helt andre forestillingsrammer.<\/p>\n<p>Vi har brug for at tegne verden op igen \u2013 og g\u00f8re den til vores.<\/p>\n<p>Tomas Lagermand Lundme (1973) er billedkunstner, forfatter, dramatiker og manuskriptforfatter. Uddannet fra henholdsvis Det Kongelige Danske Kunstakademi, Forfatterskolen og G\u00f8glerskolen. Lundme har sidste \u00e5r haft separatudstillinger p\u00e5 Sor\u00f8 Kunstmuseum, 6100 Kunsthal i Haderslev og n\u00e5ede, inden Danmark lukkede ned for anden gang, at \u00e5bne sin udstilling K\u00e6rlig hilsen hadet p\u00e5 Horsens Kunstmuseum.<\/p>\n<p><em>P\u00e5 grund af de nuv\u00e6rende restriktioner, er der ingen fernisering, men udstillingen \u00e5bner for alle interesserede tirsdag den 16. marts og k\u00f8rer til og med l\u00f8rdag den 17. april 2021.<\/em><\/p>\n<p><em>Torsdag den 15. april kl. 17.00 vil Tomas Lagermand Lundme holde en lille fyraftens-opl\u00e6sning, hvor han l\u00e6ser op fra sin nyeste digtsamling Jeg m\u00e5 ikke begynde p\u00e5 noget (udkommet p\u00e5 Forlaget Vandkunsten, 2020), der netop omhandler en verden ramt af ensomhed og en unavngiven pandemi.<\/em><\/p>\n<hr \/>\n<p><a href=\"https:\/\/butikcmyk.dk\/blog\/wp-content\/uploads\/2021\/03\/2021_04_tol_plakat_i_haand.png\"><img decoding=\"async\" src=\"https:\/\/butikcmyk.dk\/blog\/wp-content\/uploads\/2021\/03\/2021_04_tol_plakat_i_haand.png\" alt=\"\" width=\"709\" \/><\/a><\/p>\n<p><a href=\"https:\/\/butikcmyk.dk\/blog\/wp-content\/uploads\/2021\/03\/2021_04_tol_portraet_vaeg.png\"><img decoding=\"async\" src=\"https:\/\/butikcmyk.dk\/blog\/wp-content\/uploads\/2021\/03\/2021_04_tol_portraet_vaeg.png\" alt=\"\" width=\"709\" \/><\/a><\/p>\n<p><a href=\"https:\/\/butikcmyk.dk\/blog\/wp-content\/uploads\/2021\/03\/2021_04_tol_vaeg.png\"><img decoding=\"async\"  src=\"https:\/\/butikcmyk.dk\/blog\/wp-content\/uploads\/2021\/03\/2021_04_tol_vaeg.png\" alt=\"\" width=\"709\" \/><\/a><\/p>\n","protected":false},"excerpt":{"rendered":"<p>Udstillingsperiode: 16\/3 &#8211; 17\/4 2021. Fyraftens opl\u00e6sning: 15\/4, kl. 17.00 Verden har v\u00e6ret lukket ned. Nu \u00e5bner den gradvist op igen. Kunstneren Tomas Lagermand Lundme tolker det p\u00e5 sin helt egen m\u00e5de i en r\u00e6kke nye tegninger, hvor de dage, som har tegnet vores tid p\u00e5 det seneste, s\u00e6tter sine markante udtryk. Det er tegninger, &hellip; <a href=\"https:\/\/butikcmyk.dk\/blog\/2021\/exhibitions-udstillinger\/jeg-tegner-alting-op-igen-en-udstilling-af-tomas-lagermand-lundme\/\" class=\"more-link\">L\u00e6s videre<span class=\"screen-reader-text\"> &#8220;Jeg Tegner Alting Op Igen &#8211; En udstilling af Tomas Lagermand Lundme&#8221;<\/span><\/a><\/p>\n","protected":false},"author":1,"featured_media":0,"comment_status":"closed","ping_status":"closed","sticky":false,"template":"","format":"standard","meta":{"footnotes":""},"categories":[8],"tags":[42],"class_list":["post-7478","post","type-post","status-publish","format-standard","hentry","category-exhibitions-udstillinger","tag-tomas-lagermand-lundme"],"_links":{"self":[{"href":"https:\/\/butikcmyk.dk\/blog\/wp-json\/wp\/v2\/posts\/7478","targetHints":{"allow":["GET"]}}],"collection":[{"href":"https:\/\/butikcmyk.dk\/blog\/wp-json\/wp\/v2\/posts"}],"about":[{"href":"https:\/\/butikcmyk.dk\/blog\/wp-json\/wp\/v2\/types\/post"}],"author":[{"embeddable":true,"href":"https:\/\/butikcmyk.dk\/blog\/wp-json\/wp\/v2\/users\/1"}],"replies":[{"embeddable":true,"href":"https:\/\/butikcmyk.dk\/blog\/wp-json\/wp\/v2\/comments?post=7478"}],"version-history":[{"count":5,"href":"https:\/\/butikcmyk.dk\/blog\/wp-json\/wp\/v2\/posts\/7478\/revisions"}],"predecessor-version":[{"id":7630,"href":"https:\/\/butikcmyk.dk\/blog\/wp-json\/wp\/v2\/posts\/7478\/revisions\/7630"}],"wp:attachment":[{"href":"https:\/\/butikcmyk.dk\/blog\/wp-json\/wp\/v2\/media?parent=7478"}],"wp:term":[{"taxonomy":"category","embeddable":true,"href":"https:\/\/butikcmyk.dk\/blog\/wp-json\/wp\/v2\/categories?post=7478"},{"taxonomy":"post_tag","embeddable":true,"href":"https:\/\/butikcmyk.dk\/blog\/wp-json\/wp\/v2\/tags?post=7478"}],"curies":[{"name":"wp","href":"https:\/\/api.w.org\/{rel}","templated":true}]}}