{"id":6248,"date":"2018-11-12T18:00:05","date_gmt":"2018-11-12T17:00:05","guid":{"rendered":"https:\/\/butikcmyk.dk\/blog\/?p=6248"},"modified":"2018-11-21T14:07:30","modified_gmt":"2018-11-21T13:07:30","slug":"det-er-mig-anders-broenserud","status":"publish","type":"post","link":"https:\/\/butikcmyk.dk\/blog\/2018\/posters-plakater-a4\/det-er-mig-anders-broenserud\/","title":{"rendered":"Det er mig, Anders Br\u00f8nserud."},"content":{"rendered":"<p>Ny <a href=\"https:\/\/www.butikcmyk.dk\/butik\/index.php\/30x30-plakater\/anders-bronserud.html\">30&#215;30 plakat<\/a> af <a href=\"https:\/\/www.butikcmyk.dk\/butik\/catalogsearch\/result\/?q=anders%20br%C3%B8nserud\">Anders Br\u00f8nserud<\/a>. Fra udstillingen <a href=\"https:\/\/butikcmyk.dk\/blog\/2018\/exhibitions-udstillinger\/det-er-mig-fotos-fra-ferniseringen\/\">Det er mig<\/a>.<\/p>\n<figure id=\"attachment_6204\" aria-describedby=\"caption-attachment-6204\" style=\"width: 768px\" class=\"wp-caption alignnone\"><a href=\"https:\/\/www.butikcmyk.dk\/butik\/index.php\/30x30-plakater\/anders-bronserud\/anders-bronserud-3887.html\"><img loading=\"lazy\" decoding=\"async\" class=\"wp-image-6204 size-full\" src=\"https:\/\/butikcmyk.dk\/blog\/wp-content\/uploads\/2018\/11\/Anders-Br\u00f8nserud-anb1167-plakat-poster-CMYKkld.png\" alt=\"Det er mig, Anders Br\u00f8nserud\" width=\"768\" height=\"768\" srcset=\"https:\/\/butikcmyk.dk\/blog\/wp-content\/uploads\/2018\/11\/Anders-Br\u00f8nserud-anb1167-plakat-poster-CMYKkld.png 768w, https:\/\/butikcmyk.dk\/blog\/wp-content\/uploads\/2018\/11\/Anders-Br\u00f8nserud-anb1167-plakat-poster-CMYKkld-150x150.png 150w, https:\/\/butikcmyk.dk\/blog\/wp-content\/uploads\/2018\/11\/Anders-Br\u00f8nserud-anb1167-plakat-poster-CMYKkld-300x300.png 300w, https:\/\/butikcmyk.dk\/blog\/wp-content\/uploads\/2018\/11\/Anders-Br\u00f8nserud-anb1167-plakat-poster-CMYKkld-24x24.png 24w, https:\/\/butikcmyk.dk\/blog\/wp-content\/uploads\/2018\/11\/Anders-Br\u00f8nserud-anb1167-plakat-poster-CMYKkld-48x48.png 48w, https:\/\/butikcmyk.dk\/blog\/wp-content\/uploads\/2018\/11\/Anders-Br\u00f8nserud-anb1167-plakat-poster-CMYKkld-96x96.png 96w\" sizes=\"auto, (max-width: 709px) 85vw, (max-width: 909px) 67vw, (max-width: 984px) 61vw, (max-width: 1362px) 45vw, 600px\" \/><\/a><figcaption id=\"caption-attachment-6204\" class=\"wp-caption-text\">Det er mig, Anders Br\u00f8nserud<\/figcaption><\/figure>\n<p>Motivet kan ogs\u00e5 k\u00f8bes i <a href=\"https:\/\/www.butikcmyk.dk\/butik\/index.php\/a4-plakater\/anders-bronserud-1.html\">A4 format<\/a>.<\/p>\n","protected":false},"excerpt":{"rendered":"<p>Ny 30&#215;30 plakat af Anders Br\u00f8nserud. Fra udstillingen Det er mig. Motivet kan ogs\u00e5 k\u00f8bes i A4 format.<\/p>\n","protected":false},"author":1,"featured_media":0,"comment_status":"closed","ping_status":"closed","sticky":false,"template":"","format":"standard","meta":{"footnotes":""},"categories":[5,6],"tags":[36],"class_list":["post-6248","post","type-post","status-publish","format-standard","hentry","category-posters-plakater-a4","category-posters-storre-plakater","tag-anders-bronserud"],"_links":{"self":[{"href":"https:\/\/butikcmyk.dk\/blog\/wp-json\/wp\/v2\/posts\/6248","targetHints":{"allow":["GET"]}}],"collection":[{"href":"https:\/\/butikcmyk.dk\/blog\/wp-json\/wp\/v2\/posts"}],"about":[{"href":"https:\/\/butikcmyk.dk\/blog\/wp-json\/wp\/v2\/types\/post"}],"author":[{"embeddable":true,"href":"https:\/\/butikcmyk.dk\/blog\/wp-json\/wp\/v2\/users\/1"}],"replies":[{"embeddable":true,"href":"https:\/\/butikcmyk.dk\/blog\/wp-json\/wp\/v2\/comments?post=6248"}],"version-history":[{"count":3,"href":"https:\/\/butikcmyk.dk\/blog\/wp-json\/wp\/v2\/posts\/6248\/revisions"}],"predecessor-version":[{"id":6257,"href":"https:\/\/butikcmyk.dk\/blog\/wp-json\/wp\/v2\/posts\/6248\/revisions\/6257"}],"wp:attachment":[{"href":"https:\/\/butikcmyk.dk\/blog\/wp-json\/wp\/v2\/media?parent=6248"}],"wp:term":[{"taxonomy":"category","embeddable":true,"href":"https:\/\/butikcmyk.dk\/blog\/wp-json\/wp\/v2\/categories?post=6248"},{"taxonomy":"post_tag","embeddable":true,"href":"https:\/\/butikcmyk.dk\/blog\/wp-json\/wp\/v2\/tags?post=6248"}],"curies":[{"name":"wp","href":"https:\/\/api.w.org\/{rel}","templated":true}]}}