{"id":231,"date":"2011-12-04T09:32:00","date_gmt":"2011-12-04T09:32:00","guid":{"rendered":"https:\/\/butikcmyk.dk\/blog\/?p=231"},"modified":"2011-12-04T09:32:00","modified_gmt":"2011-12-04T09:32:00","slug":"juledage-i-jaegersborggade","status":"publish","type":"post","link":"https:\/\/butikcmyk.dk\/blog\/2011\/posters-plakater-a4\/juledage-i-jaegersborggade\/","title":{"rendered":">Juledage i J\u00e6gersborggade"},"content":{"rendered":"<p>><\/p>\n<div dir=\"ltr\" style=\"text-align: left;\" trbidi=\"on\">\n<div class=\"separator\" style=\"clear: both; text-align: left;\">Vi holder \u00e5bent idag s\u00f8ndag fra kl 11.00 (11.15 ;-) til 16.00 idag,<\/div>\n<p>og det samme g\u00f8r alle de andre butikker og cafeer i gaden &#8211; vi ses.<\/p>\n<div class=\"separator\" style=\"clear: both; text-align: center;\"><\/div>\n<p><a href=\"http:\/\/2.bp.blogspot.com\/-yP6EgeavcJM\/Tts8BtogVcI\/AAAAAAAACDE\/H6sl9xnpA70\/s1600\/juledage+i+j%25C3%25A6gersborggade+2011.jpg\" imageanchor=\"1\" style=\"clear: left; float: left; margin-bottom: 1em; margin-right: 1em;\"><img loading=\"lazy\" decoding=\"async\" border=\"0\" height=\"400\" src=\"http:\/\/2.bp.blogspot.com\/-yP6EgeavcJM\/Tts8BtogVcI\/AAAAAAAACDE\/H6sl9xnpA70\/s400\/juledage+i+j%25C3%25A6gersborggade+2011.jpg\" width=\"283\" \/><\/a><\/p>\n<div class=\"separator\" style=\"clear: both; text-align: center;\"><\/div>\n<div style=\"text-align: left;\">Se programmet her <a href=\"http:\/\/www.xn--jgersborggade-3fb.dk\/\" target=\"_blank\">www.j\u00e6gersborggade.dk<\/a><\/div>\n<p><\/p>\n<div style=\"text-align: center;\"><\/div>\n<\/div>\n","protected":false},"excerpt":{"rendered":"<p>> Vi holder \u00e5bent idag s\u00f8ndag fra kl 11.00 (11.15 ;-) til 16.00 idag, og det samme g\u00f8r alle de andre butikker og cafeer i gaden &#8211; vi ses. Se programmet her www.j\u00e6gersborggade.dk<\/p>\n","protected":false},"author":2,"featured_media":0,"comment_status":"open","ping_status":"open","sticky":false,"template":"","format":"standard","meta":{"footnotes":""},"categories":[5],"tags":[],"class_list":["post-231","post","type-post","status-publish","format-standard","hentry","category-posters-plakater-a4"],"_links":{"self":[{"href":"https:\/\/butikcmyk.dk\/blog\/wp-json\/wp\/v2\/posts\/231","targetHints":{"allow":["GET"]}}],"collection":[{"href":"https:\/\/butikcmyk.dk\/blog\/wp-json\/wp\/v2\/posts"}],"about":[{"href":"https:\/\/butikcmyk.dk\/blog\/wp-json\/wp\/v2\/types\/post"}],"author":[{"embeddable":true,"href":"https:\/\/butikcmyk.dk\/blog\/wp-json\/wp\/v2\/users\/2"}],"replies":[{"embeddable":true,"href":"https:\/\/butikcmyk.dk\/blog\/wp-json\/wp\/v2\/comments?post=231"}],"version-history":[{"count":0,"href":"https:\/\/butikcmyk.dk\/blog\/wp-json\/wp\/v2\/posts\/231\/revisions"}],"wp:attachment":[{"href":"https:\/\/butikcmyk.dk\/blog\/wp-json\/wp\/v2\/media?parent=231"}],"wp:term":[{"taxonomy":"category","embeddable":true,"href":"https:\/\/butikcmyk.dk\/blog\/wp-json\/wp\/v2\/categories?post=231"},{"taxonomy":"post_tag","embeddable":true,"href":"https:\/\/butikcmyk.dk\/blog\/wp-json\/wp\/v2\/tags?post=231"}],"curies":[{"name":"wp","href":"https:\/\/api.w.org\/{rel}","templated":true}]}}