{"id":1969,"date":"2013-03-09T14:41:57","date_gmt":"2013-03-09T13:41:57","guid":{"rendered":"https:\/\/butikcmyk.dk\/blog\/?p=1969"},"modified":"2013-03-09T14:42:55","modified_gmt":"2013-03-09T13:42:55","slug":"1969","status":"publish","type":"post","link":"https:\/\/butikcmyk.dk\/blog\/2013\/books-boger\/1969\/","title":{"rendered":"Tegneserieantologien KULK\u00c6LDEREN #1"},"content":{"rendered":"<p><a href=\"https:\/\/butikcmyk.dk\/blog\/wp-content\/uploads\/2013\/03\/Kulk\u00e6lderen-1-tegneserier-af-bl.a.-Rikke-Bakmann-Simon-Bukhave-Thomas-Engelbrecht-Mikkelsen-Simon-V\u00e6th-og-S\u00f8ren-Mosdal.jpg\"><img loading=\"lazy\" decoding=\"async\" class=\"alignnone size-medium wp-image-1970\" title=\"Kulk\u00e6lderen #1 - tegneserier af bl.a. Rikke Bakmann, Simon Bukhave, Thomas Engelbrecht Mikkelsen, Simon V\u00e6th og S\u00f8ren Mosdal\" src=\"https:\/\/butikcmyk.dk\/blog\/wp-content\/uploads\/2013\/03\/Kulk\u00e6lderen-1-tegneserier-af-bl.a.-Rikke-Bakmann-Simon-Bukhave-Thomas-Engelbrecht-Mikkelsen-Simon-V\u00e6th-og-S\u00f8ren-Mosdal-211x300.jpg\" alt=\"\" width=\"211\" height=\"300\" srcset=\"https:\/\/butikcmyk.dk\/blog\/wp-content\/uploads\/2013\/03\/Kulk\u00e6lderen-1-tegneserier-af-bl.a.-Rikke-Bakmann-Simon-Bukhave-Thomas-Engelbrecht-Mikkelsen-Simon-V\u00e6th-og-S\u00f8ren-Mosdal-211x300.jpg 211w, https:\/\/butikcmyk.dk\/blog\/wp-content\/uploads\/2013\/03\/Kulk\u00e6lderen-1-tegneserier-af-bl.a.-Rikke-Bakmann-Simon-Bukhave-Thomas-Engelbrecht-Mikkelsen-Simon-V\u00e6th-og-S\u00f8ren-Mosdal.jpg 676w\" sizes=\"auto, (max-width: 211px) 85vw, 211px\" \/><br \/>\n<\/a>Tegneserieantologien KULK\u00c6LDEREN #1 udkom ig\u00e5r og denne kan nu k\u00f8bes i CMYKkld for den nette sum af 50 kr.<\/p>\n<p>Anatologien indeholder en m\u00e6ngde korte tegneserier (alle lavet udfra temaet k\u00e6lder), disse er t\u00e6nkt og tegnet af tegnestue f\u00e6llesskabet kulk\u00e6lderen: Rikke Bakman, Simon Bukhave, Simon V\u00e6th, S\u00f8ren Mosdal, Thomas Mikkelsen, Anna Bak, Anne Munnecke Christensen, Glenn August, Helene Ringkj\u00e6r Pedersen, Mikkel Sommer og Mari Ahokoivu.<\/p>\n","protected":false},"excerpt":{"rendered":"<p>Tegneserieantologien KULK\u00c6LDEREN #1 udkom ig\u00e5r og denne kan nu k\u00f8bes i CMYKkld for den nette sum af 50 kr. Anatologien indeholder en m\u00e6ngde korte tegneserier (alle lavet udfra temaet k\u00e6lder), disse er t\u00e6nkt og tegnet af tegnestue f\u00e6llesskabet kulk\u00e6lderen: Rikke Bakman, Simon Bukhave, Simon V\u00e6th, S\u00f8ren Mosdal, Thomas Mikkelsen, Anna Bak, Anne Munnecke Christensen, Glenn &hellip; <a href=\"https:\/\/butikcmyk.dk\/blog\/2013\/books-boger\/1969\/\" class=\"more-link\">L\u00e6s videre<span class=\"screen-reader-text\"> &#8220;Tegneserieantologien KULK\u00c6LDEREN #1&#8221;<\/span><\/a><\/p>\n","protected":false},"author":2,"featured_media":0,"comment_status":"closed","ping_status":"closed","sticky":false,"template":"","format":"standard","meta":{"footnotes":""},"categories":[4],"tags":[45],"class_list":["post-1969","post","type-post","status-publish","format-standard","hentry","category-books-boger","tag-simon-vaeth"],"_links":{"self":[{"href":"https:\/\/butikcmyk.dk\/blog\/wp-json\/wp\/v2\/posts\/1969","targetHints":{"allow":["GET"]}}],"collection":[{"href":"https:\/\/butikcmyk.dk\/blog\/wp-json\/wp\/v2\/posts"}],"about":[{"href":"https:\/\/butikcmyk.dk\/blog\/wp-json\/wp\/v2\/types\/post"}],"author":[{"embeddable":true,"href":"https:\/\/butikcmyk.dk\/blog\/wp-json\/wp\/v2\/users\/2"}],"replies":[{"embeddable":true,"href":"https:\/\/butikcmyk.dk\/blog\/wp-json\/wp\/v2\/comments?post=1969"}],"version-history":[{"count":4,"href":"https:\/\/butikcmyk.dk\/blog\/wp-json\/wp\/v2\/posts\/1969\/revisions"}],"predecessor-version":[{"id":1974,"href":"https:\/\/butikcmyk.dk\/blog\/wp-json\/wp\/v2\/posts\/1969\/revisions\/1974"}],"wp:attachment":[{"href":"https:\/\/butikcmyk.dk\/blog\/wp-json\/wp\/v2\/media?parent=1969"}],"wp:term":[{"taxonomy":"category","embeddable":true,"href":"https:\/\/butikcmyk.dk\/blog\/wp-json\/wp\/v2\/categories?post=1969"},{"taxonomy":"post_tag","embeddable":true,"href":"https:\/\/butikcmyk.dk\/blog\/wp-json\/wp\/v2\/tags?post=1969"}],"curies":[{"name":"wp","href":"https:\/\/api.w.org\/{rel}","templated":true}]}}