{"id":1887,"date":"2013-01-29T19:23:42","date_gmt":"2013-01-29T18:23:42","guid":{"rendered":"https:\/\/butikcmyk.dk\/blog\/?p=1887"},"modified":"2013-01-29T19:33:52","modified_gmt":"2013-01-29T18:33:52","slug":"billeder-fra-udstillingen-pa-den-anden-side","status":"publish","type":"post","link":"https:\/\/butikcmyk.dk\/blog\/2013\/exhibitions-udstillinger\/billeder-fra-udstillingen-pa-den-anden-side\/","title":{"rendered":"Billeder fra udstillingen &#8220;P\u00e5 den anden side&#8221;"},"content":{"rendered":"<ul>\n<li>Simon V\u00e6th<\/li>\n<li>Jesper Stengade<\/li>\n<li>Signe Parkins Benjaminsen<\/li>\n<\/ul>\n<p><a href=\"https:\/\/butikcmyk.dk\/blog\/wp-content\/uploads\/2013\/01\/Simon-V\u00e6th-Signe-Parkins-Benjaminsen-Jesper-Stengade-fernisering-i-CMYKkld-2013-jan.png\"><img loading=\"lazy\" decoding=\"async\" class=\"alignnone size-full wp-image-1890\" title=\"Simon V\u00e6th Signe Parkins Benjaminsen Jesper Stengade fernisering i CMYKkld 2013 jan\" src=\"https:\/\/butikcmyk.dk\/blog\/wp-content\/uploads\/2013\/01\/Simon-V\u00e6th-Signe-Parkins-Benjaminsen-Jesper-Stengade-fernisering-i-CMYKkld-2013-jan.png\" alt=\"\" width=\"735\" height=\"567\" srcset=\"https:\/\/butikcmyk.dk\/blog\/wp-content\/uploads\/2013\/01\/Simon-V\u00e6th-Signe-Parkins-Benjaminsen-Jesper-Stengade-fernisering-i-CMYKkld-2013-jan.png 735w, https:\/\/butikcmyk.dk\/blog\/wp-content\/uploads\/2013\/01\/Simon-V\u00e6th-Signe-Parkins-Benjaminsen-Jesper-Stengade-fernisering-i-CMYKkld-2013-jan-300x231.png 300w, https:\/\/butikcmyk.dk\/blog\/wp-content\/uploads\/2013\/01\/Simon-V\u00e6th-Signe-Parkins-Benjaminsen-Jesper-Stengade-fernisering-i-CMYKkld-2013-jan-388x300.png 388w\" sizes=\"auto, (max-width: 709px) 85vw, (max-width: 909px) 67vw, (max-width: 984px) 61vw, (max-width: 1362px) 45vw, 600px\" \/><\/a><br \/>\n<a href=\"https:\/\/butikcmyk.dk\/blog\/wp-content\/uploads\/2013\/01\/Simon-V\u00e6th-Signe-Parkins-Benjaminsen-Jesper-Stengade-fernisering-i-CMYKkld-2013-jan.-10..png\"><img loading=\"lazy\" decoding=\"async\" class=\"alignnone size-full wp-image-1891\" title=\"Simon V\u00e6th Signe Parkins Benjaminsen Jesper Stengade fernisering i CMYKkld 2013 jan. 10.\" src=\"https:\/\/butikcmyk.dk\/blog\/wp-content\/uploads\/2013\/01\/Simon-V\u00e6th-Signe-Parkins-Benjaminsen-Jesper-Stengade-fernisering-i-CMYKkld-2013-jan.-10..png\" alt=\"\" width=\"765\" height=\"567\" srcset=\"https:\/\/butikcmyk.dk\/blog\/wp-content\/uploads\/2013\/01\/Simon-V\u00e6th-Signe-Parkins-Benjaminsen-Jesper-Stengade-fernisering-i-CMYKkld-2013-jan.-10..png 765w, https:\/\/butikcmyk.dk\/blog\/wp-content\/uploads\/2013\/01\/Simon-V\u00e6th-Signe-Parkins-Benjaminsen-Jesper-Stengade-fernisering-i-CMYKkld-2013-jan.-10.-300x222.png 300w, https:\/\/butikcmyk.dk\/blog\/wp-content\/uploads\/2013\/01\/Simon-V\u00e6th-Signe-Parkins-Benjaminsen-Jesper-Stengade-fernisering-i-CMYKkld-2013-jan.-10.-404x300.png 404w\" sizes=\"auto, (max-width: 709px) 85vw, (max-width: 909px) 67vw, (max-width: 984px) 61vw, (max-width: 1362px) 45vw, 600px\" \/><\/a><a href=\"https:\/\/butikcmyk.dk\/blog\/wp-content\/uploads\/2013\/01\/Simon-V\u00e6th-Signe-Parkins-Benjaminsen-Jesper-Stengade-fernisering-i-CMYKkld-2013-jan-a.png\"><img loading=\"lazy\" decoding=\"async\" class=\"alignnone size-full wp-image-1892\" title=\"Simon V\u00e6th Signe Parkins Benjaminsen Jesper Stengade fernisering i CMYKkld 2013 jan a\" src=\"https:\/\/butikcmyk.dk\/blog\/wp-content\/uploads\/2013\/01\/Simon-V\u00e6th-Signe-Parkins-Benjaminsen-Jesper-Stengade-fernisering-i-CMYKkld-2013-jan-a.png\" alt=\"\" width=\"617\" height=\"567\" srcset=\"https:\/\/butikcmyk.dk\/blog\/wp-content\/uploads\/2013\/01\/Simon-V\u00e6th-Signe-Parkins-Benjaminsen-Jesper-Stengade-fernisering-i-CMYKkld-2013-jan-a.png 617w, https:\/\/butikcmyk.dk\/blog\/wp-content\/uploads\/2013\/01\/Simon-V\u00e6th-Signe-Parkins-Benjaminsen-Jesper-Stengade-fernisering-i-CMYKkld-2013-jan-a-300x275.png 300w, https:\/\/butikcmyk.dk\/blog\/wp-content\/uploads\/2013\/01\/Simon-V\u00e6th-Signe-Parkins-Benjaminsen-Jesper-Stengade-fernisering-i-CMYKkld-2013-jan-a-326x300.png 326w\" sizes=\"auto, (max-width: 709px) 85vw, (max-width: 909px) 67vw, (max-width: 984px) 61vw, (max-width: 1362px) 45vw, 600px\" \/><\/a><a href=\"https:\/\/butikcmyk.dk\/blog\/wp-content\/uploads\/2013\/01\/Simon-V\u00e6th-Signe-Parkins-Benjaminsen-Jesper-Stengade-fernisering-i-CMYKkld-2013-jan-10..png\"><img loading=\"lazy\" decoding=\"async\" class=\"alignnone size-full wp-image-1893\" title=\"Simon V\u00e6th Signe Parkins Benjaminsen Jesper Stengade fernisering i CMYKkld 2013 jan 10.\" src=\"https:\/\/butikcmyk.dk\/blog\/wp-content\/uploads\/2013\/01\/Simon-V\u00e6th-Signe-Parkins-Benjaminsen-Jesper-Stengade-fernisering-i-CMYKkld-2013-jan-10..png\" alt=\"\" width=\"716\" height=\"540\" srcset=\"https:\/\/butikcmyk.dk\/blog\/wp-content\/uploads\/2013\/01\/Simon-V\u00e6th-Signe-Parkins-Benjaminsen-Jesper-Stengade-fernisering-i-CMYKkld-2013-jan-10..png 716w, https:\/\/butikcmyk.dk\/blog\/wp-content\/uploads\/2013\/01\/Simon-V\u00e6th-Signe-Parkins-Benjaminsen-Jesper-Stengade-fernisering-i-CMYKkld-2013-jan-10.-300x226.png 300w, https:\/\/butikcmyk.dk\/blog\/wp-content\/uploads\/2013\/01\/Simon-V\u00e6th-Signe-Parkins-Benjaminsen-Jesper-Stengade-fernisering-i-CMYKkld-2013-jan-10.-397x300.png 397w\" sizes=\"auto, (max-width: 709px) 85vw, (max-width: 909px) 67vw, (max-width: 984px) 61vw, (max-width: 1362px) 45vw, 600px\" \/><br \/>\n<\/a><a href=\"https:\/\/butikcmyk.dk\/blog\/wp-content\/uploads\/2013\/01\/Simon-V\u00e6th-Signe-Parkins-Benjaminsen-Jesper-Stengade-fernisering-i-CMYKkld-2013-jan-b.png\"><img loading=\"lazy\" decoding=\"async\" class=\"alignnone size-full wp-image-1894\" title=\"Simon V\u00e6th Signe Parkins Benjaminsen Jesper Stengade fernisering i CMYKkld 2013 jan b\" src=\"https:\/\/butikcmyk.dk\/blog\/wp-content\/uploads\/2013\/01\/Simon-V\u00e6th-Signe-Parkins-Benjaminsen-Jesper-Stengade-fernisering-i-CMYKkld-2013-jan-b.png\" alt=\"\" width=\"766\" height=\"567\" srcset=\"https:\/\/butikcmyk.dk\/blog\/wp-content\/uploads\/2013\/01\/Simon-V\u00e6th-Signe-Parkins-Benjaminsen-Jesper-Stengade-fernisering-i-CMYKkld-2013-jan-b.png 766w, https:\/\/butikcmyk.dk\/blog\/wp-content\/uploads\/2013\/01\/Simon-V\u00e6th-Signe-Parkins-Benjaminsen-Jesper-Stengade-fernisering-i-CMYKkld-2013-jan-b-300x222.png 300w, https:\/\/butikcmyk.dk\/blog\/wp-content\/uploads\/2013\/01\/Simon-V\u00e6th-Signe-Parkins-Benjaminsen-Jesper-Stengade-fernisering-i-CMYKkld-2013-jan-b-405x300.png 405w\" sizes=\"auto, (max-width: 709px) 85vw, (max-width: 909px) 67vw, (max-width: 984px) 61vw, (max-width: 1362px) 45vw, 600px\" \/><\/a><a href=\"https:\/\/butikcmyk.dk\/blog\/wp-content\/uploads\/2013\/01\/Simon-V\u00e6th-Signe-Parkins-Benjaminsen-Jesper-Stengade-fernisering-i-CMYKkld-2013-jan-10..png\"><br \/>\n<\/a><a href=\"https:\/\/butikcmyk.dk\/blog\/wp-content\/uploads\/2013\/01\/Simon-V\u00e6th-Signe-Parkins-Benjaminsen-Jesper-Stengade-fernisering-i-CMYKkld-2013-jan-c.png\"><img loading=\"lazy\" decoding=\"async\" class=\"alignnone size-full wp-image-1895\" title=\"Simon V\u00e6th Signe Parkins Benjaminsen Jesper Stengade fernisering i CMYKkld 2013 jan c\" src=\"https:\/\/butikcmyk.dk\/blog\/wp-content\/uploads\/2013\/01\/Simon-V\u00e6th-Signe-Parkins-Benjaminsen-Jesper-Stengade-fernisering-i-CMYKkld-2013-jan-c.png\" alt=\"\" width=\"901\" height=\"567\" srcset=\"https:\/\/butikcmyk.dk\/blog\/wp-content\/uploads\/2013\/01\/Simon-V\u00e6th-Signe-Parkins-Benjaminsen-Jesper-Stengade-fernisering-i-CMYKkld-2013-jan-c.png 901w, https:\/\/butikcmyk.dk\/blog\/wp-content\/uploads\/2013\/01\/Simon-V\u00e6th-Signe-Parkins-Benjaminsen-Jesper-Stengade-fernisering-i-CMYKkld-2013-jan-c-300x188.png 300w, https:\/\/butikcmyk.dk\/blog\/wp-content\/uploads\/2013\/01\/Simon-V\u00e6th-Signe-Parkins-Benjaminsen-Jesper-Stengade-fernisering-i-CMYKkld-2013-jan-c-476x300.png 476w\" sizes=\"auto, (max-width: 709px) 85vw, (max-width: 909px) 67vw, (max-width: 1362px) 62vw, 840px\" \/><\/a><\/p>\n<p>Billederne her er fra udstillingen <a href=\"https:\/\/butikcmyk.dk\/blog\/2013\/uncategorized\/pa-den-anden-side-ny-udstilling-i-cmykkld\/\"><strong>P\u00c5 DEN ANDEN SIDE<\/strong><\/a><br \/>\nUdstillet v\u00e6rker er udf\u00f8rt af\u00a0<strong><a href=\"http:\/\/www.signeparkins.com\/\" target=\"_blank\">Signe Parkins Benjaminsen<\/a>, <a href=\"http:\/\/www.simonvaeth.dk\/\" target=\"_blank\">Simon V\u00e6th<\/a> og Jesper Stengade<br \/>\n<\/strong><em><em>Se eventuelt udstillings beskrivelsen\u00a0<strong><a href=\"https:\/\/butikcmyk.dk\/blog\/2013\/uncategorized\/pa-den-anden-side-ny-udstilling-i-cmykkld\/\">her<\/a>\u00a0<\/strong><\/em><\/em><a href=\"https:\/\/butikcmyk.dk\/blog\/wp-content\/uploads\/2013\/01\/Simon-V\u00e6th-Signe-Parkins-Benjaminsen-Jesper-Stengade-fernisering-i-CMYKkld-2013-jan-a.png\"><br \/>\n<\/a><\/p>\n","protected":false},"excerpt":{"rendered":"<p>Simon V\u00e6th Jesper Stengade Signe Parkins Benjaminsen Billederne her er fra udstillingen P\u00c5 DEN ANDEN SIDE Udstillet v\u00e6rker er udf\u00f8rt af\u00a0Signe Parkins Benjaminsen, Simon V\u00e6th og Jesper Stengade Se eventuelt udstillings beskrivelsen\u00a0her\u00a0<\/p>\n","protected":false},"author":2,"featured_media":0,"comment_status":"closed","ping_status":"closed","sticky":false,"template":"","format":"standard","meta":{"footnotes":""},"categories":[8],"tags":[67,45],"class_list":["post-1887","post","type-post","status-publish","format-standard","hentry","category-exhibitions-udstillinger","tag-jesper-stengade","tag-simon-vaeth"],"_links":{"self":[{"href":"https:\/\/butikcmyk.dk\/blog\/wp-json\/wp\/v2\/posts\/1887","targetHints":{"allow":["GET"]}}],"collection":[{"href":"https:\/\/butikcmyk.dk\/blog\/wp-json\/wp\/v2\/posts"}],"about":[{"href":"https:\/\/butikcmyk.dk\/blog\/wp-json\/wp\/v2\/types\/post"}],"author":[{"embeddable":true,"href":"https:\/\/butikcmyk.dk\/blog\/wp-json\/wp\/v2\/users\/2"}],"replies":[{"embeddable":true,"href":"https:\/\/butikcmyk.dk\/blog\/wp-json\/wp\/v2\/comments?post=1887"}],"version-history":[{"count":4,"href":"https:\/\/butikcmyk.dk\/blog\/wp-json\/wp\/v2\/posts\/1887\/revisions"}],"predecessor-version":[{"id":1889,"href":"https:\/\/butikcmyk.dk\/blog\/wp-json\/wp\/v2\/posts\/1887\/revisions\/1889"}],"wp:attachment":[{"href":"https:\/\/butikcmyk.dk\/blog\/wp-json\/wp\/v2\/media?parent=1887"}],"wp:term":[{"taxonomy":"category","embeddable":true,"href":"https:\/\/butikcmyk.dk\/blog\/wp-json\/wp\/v2\/categories?post=1887"},{"taxonomy":"post_tag","embeddable":true,"href":"https:\/\/butikcmyk.dk\/blog\/wp-json\/wp\/v2\/tags?post=1887"}],"curies":[{"name":"wp","href":"https:\/\/api.w.org\/{rel}","templated":true}]}}