{"id":1872,"date":"2013-01-11T15:27:47","date_gmt":"2013-01-11T14:27:47","guid":{"rendered":"https:\/\/butikcmyk.dk\/blog\/?p=1872"},"modified":"2020-05-07T13:07:08","modified_gmt":"2020-05-07T11:07:08","slug":"pa-den-anden-side-ny-udstilling-i-cmykkld","status":"publish","type":"post","link":"https:\/\/butikcmyk.dk\/blog\/2013\/exhibitions-udstillinger\/pa-den-anden-side-ny-udstilling-i-cmykkld\/","title":{"rendered":"P\u00c5 DEN ANDEN SIDE &#8211; Ny udstilling i CMYKkld"},"content":{"rendered":"<p><a href=\"https:\/\/butikcmyk.dk\/blog\/wp-content\/uploads\/2013\/01\/CMYKkld-P\u00c5-DEN-ANDEN-SIDE-Signe-Parkins-Benjaminsen-Simon-V\u00e6th-Jesper-Stengade-jan20131.png\"><img loading=\"lazy\" decoding=\"async\" class=\"alignnone size-full wp-image-1873\" title=\"CMYKkld P\u00c5 DEN ANDEN SIDE Signe Parkins Benjaminsen Simon V\u00e6th Jesper Stengade jan20131\" src=\"https:\/\/butikcmyk.dk\/blog\/wp-content\/uploads\/2013\/01\/CMYKkld-P\u00c5-DEN-ANDEN-SIDE-Signe-Parkins-Benjaminsen-Simon-V\u00e6th-Jesper-Stengade-jan20131.png\" alt=\"\" width=\"567\" height=\"802\" srcset=\"https:\/\/butikcmyk.dk\/blog\/wp-content\/uploads\/2013\/01\/CMYKkld-P\u00c5-DEN-ANDEN-SIDE-Signe-Parkins-Benjaminsen-Simon-V\u00e6th-Jesper-Stengade-jan20131.png 567w, https:\/\/butikcmyk.dk\/blog\/wp-content\/uploads\/2013\/01\/CMYKkld-P\u00c5-DEN-ANDEN-SIDE-Signe-Parkins-Benjaminsen-Simon-V\u00e6th-Jesper-Stengade-jan20131-212x300.png 212w\" sizes=\"auto, (max-width: 567px) 85vw, 567px\" \/><\/a><\/p>\n<p>&#8211; SIMON V\u00c6TH<br \/>\n&#8211; JESPER STENGADE<br \/>\n&#8211; SIGNE PARKINS BENJAMINSEN<\/p>\n<p>P\u00c5 DEN ANDEN SIDE<br \/>\nEn udstilling om ting, der ikke har hjemme p\u00e5 den f\u00f8rste side.<\/p>\n<p>I KikKassen vises animations filmen:<br \/>\n\u201cGiving me a chance\u201d<br \/>\nanimation: Nacho Rodriguez og Gina Thorstensen<\/p>\n<p>&#8211; Og ser frem til at hilse p\u00e5 alle dem der er for nysgerrige til blot at blive hjemme p\u00e5 den f\u00f8rste side.<\/p>\n<p>Hilsen Signe, Simon, Jesper og CMYKkld\/Maya<\/p>\n<p>\u273c\u273c\u273c<br \/>\nSigne Parkins Benjaminsen er uddannet illustrator fra Designskolen Kolding.<br \/>\nSigne er tegner. Hun arbejder med illustration, tegneserier, undervisning og projekter af mere kunstnerisk karakter.<br \/>\n<a href=\"http:\/\/www.signeparkins.blogspot.dk\/\" rel=\"nofollow noopener noreferrer\" target=\"_blank\">www.signeparkins.blogspot.<wbr>dk<\/wbr><\/a><\/p>\n<p>\u273c\u273c\u273c<br \/>\nSimon V\u00e6th er uddannet illustrator fra Designskolen Kolding. MA 2010.<br \/>\n<a href=\"http:\/\/www.simonvaeth.dk\/\" rel=\"nofollow noopener noreferrer\" target=\"_blank\">www.simonvaeth.dk<\/a><\/p>\n<p>\u273c\u273c\u273c<br \/>\nJesper Stengade er uddannet illustrator fra Designskolen Kolding i 2002.<br \/>\n<a href=\"http:\/\/www.facebook.com\/l.php?u=http%3A%2F%2Fwww.j-stengade.dk&amp;h=IAQGiAqnL&amp;s=1\" rel=\"nofollow noopener noreferrer\" target=\"_blank\">www.j-stengade.dk<\/a><\/p>\n<p>\u273c\u273c\u273c<br \/>\nUdstillingsperiode 10. Januar &#8211; 16. Februar 2013<\/p>\n<p><a href=\"https:\/\/butikcmyk.dk\/blog\/wp-content\/uploads\/2013\/01\/Simon-V\u00e6th-original-udstillet-i-CMYKkld-2013-lillefil.jpg\"><img loading=\"lazy\" decoding=\"async\" class=\"alignnone size-medium wp-image-1874\" title=\"Simon V\u00e6th original udstillet i CMYKkld 2013 lillefil\" src=\"https:\/\/butikcmyk.dk\/blog\/wp-content\/uploads\/2013\/01\/Simon-V\u00e6th-original-udstillet-i-CMYKkld-2013-lillefil-231x300.jpg\" alt=\"\" width=\"231\" height=\"300\" srcset=\"https:\/\/butikcmyk.dk\/blog\/wp-content\/uploads\/2013\/01\/Simon-V\u00e6th-original-udstillet-i-CMYKkld-2013-lillefil-231x300.jpg 231w, https:\/\/butikcmyk.dk\/blog\/wp-content\/uploads\/2013\/01\/Simon-V\u00e6th-original-udstillet-i-CMYKkld-2013-lillefil.jpg 567w\" sizes=\"auto, (max-width: 231px) 85vw, 231px\" \/><\/a><a href=\"https:\/\/butikcmyk.dk\/blog\/wp-content\/uploads\/2013\/01\/jes_0101-wp1.jpg\"><img loading=\"lazy\" decoding=\"async\" class=\"alignnone size-full wp-image-1882\" title=\"Jesper Stengade - Original udstillet i CMYKkld - 2013\" src=\"https:\/\/butikcmyk.dk\/blog\/wp-content\/uploads\/2013\/01\/jes_0101-wp1.jpg\" alt=\"\" width=\"300\" height=\"300\" srcset=\"https:\/\/butikcmyk.dk\/blog\/wp-content\/uploads\/2013\/01\/jes_0101-wp1.jpg 300w, https:\/\/butikcmyk.dk\/blog\/wp-content\/uploads\/2013\/01\/jes_0101-wp1-150x150.jpg 150w\" sizes=\"auto, (max-width: 300px) 85vw, 300px\" \/><\/a><br \/>\n<a href=\"https:\/\/butikcmyk.dk\/blog\/wp-content\/uploads\/2013\/01\/Signe-Parkins-Benjaminsen-original-udstillet-i-CMYKkld-2013-lillefil1.jpg\"><img loading=\"lazy\" decoding=\"async\" class=\"alignnone size-full wp-image-1877\" title=\"Signe Parkins Benjaminsen original udstillet i CMYKkld 2013 lillefil\" src=\"https:\/\/butikcmyk.dk\/blog\/wp-content\/uploads\/2013\/01\/Signe-Parkins-Benjaminsen-original-udstillet-i-CMYKkld-2013-lillefil1.jpg\" alt=\"\" width=\"792\" height=\"567\" srcset=\"https:\/\/butikcmyk.dk\/blog\/wp-content\/uploads\/2013\/01\/Signe-Parkins-Benjaminsen-original-udstillet-i-CMYKkld-2013-lillefil1.jpg 792w, https:\/\/butikcmyk.dk\/blog\/wp-content\/uploads\/2013\/01\/Signe-Parkins-Benjaminsen-original-udstillet-i-CMYKkld-2013-lillefil1-300x214.jpg 300w, https:\/\/butikcmyk.dk\/blog\/wp-content\/uploads\/2013\/01\/Signe-Parkins-Benjaminsen-original-udstillet-i-CMYKkld-2013-lillefil1-419x300.jpg 419w\" sizes=\"auto, (max-width: 709px) 85vw, (max-width: 909px) 67vw, (max-width: 984px) 61vw, (max-width: 1362px) 45vw, 600px\" \/><\/a><\/p>\n<p>&nbsp;<\/p>\n","protected":false},"excerpt":{"rendered":"<p>&#8211; SIMON V\u00c6TH &#8211; JESPER STENGADE &#8211; SIGNE PARKINS BENJAMINSEN P\u00c5 DEN ANDEN SIDE En udstilling om ting, der ikke har hjemme p\u00e5 den f\u00f8rste side. I KikKassen vises animations filmen: \u201cGiving me a chance\u201d animation: Nacho Rodriguez og Gina Thorstensen &#8211; Og ser frem til at hilse p\u00e5 alle dem der er for nysgerrige &hellip; <a href=\"https:\/\/butikcmyk.dk\/blog\/2013\/exhibitions-udstillinger\/pa-den-anden-side-ny-udstilling-i-cmykkld\/\" class=\"more-link\">L\u00e6s videre<span class=\"screen-reader-text\"> &#8220;P\u00c5 DEN ANDEN SIDE &#8211; Ny udstilling i CMYKkld&#8221;<\/span><\/a><\/p>\n","protected":false},"author":2,"featured_media":0,"comment_status":"closed","ping_status":"closed","sticky":false,"template":"","format":"standard","meta":{"footnotes":""},"categories":[8],"tags":[67,45],"class_list":["post-1872","post","type-post","status-publish","format-standard","hentry","category-exhibitions-udstillinger","tag-jesper-stengade","tag-simon-vaeth"],"_links":{"self":[{"href":"https:\/\/butikcmyk.dk\/blog\/wp-json\/wp\/v2\/posts\/1872","targetHints":{"allow":["GET"]}}],"collection":[{"href":"https:\/\/butikcmyk.dk\/blog\/wp-json\/wp\/v2\/posts"}],"about":[{"href":"https:\/\/butikcmyk.dk\/blog\/wp-json\/wp\/v2\/types\/post"}],"author":[{"embeddable":true,"href":"https:\/\/butikcmyk.dk\/blog\/wp-json\/wp\/v2\/users\/2"}],"replies":[{"embeddable":true,"href":"https:\/\/butikcmyk.dk\/blog\/wp-json\/wp\/v2\/comments?post=1872"}],"version-history":[{"count":9,"href":"https:\/\/butikcmyk.dk\/blog\/wp-json\/wp\/v2\/posts\/1872\/revisions"}],"predecessor-version":[{"id":7086,"href":"https:\/\/butikcmyk.dk\/blog\/wp-json\/wp\/v2\/posts\/1872\/revisions\/7086"}],"wp:attachment":[{"href":"https:\/\/butikcmyk.dk\/blog\/wp-json\/wp\/v2\/media?parent=1872"}],"wp:term":[{"taxonomy":"category","embeddable":true,"href":"https:\/\/butikcmyk.dk\/blog\/wp-json\/wp\/v2\/categories?post=1872"},{"taxonomy":"post_tag","embeddable":true,"href":"https:\/\/butikcmyk.dk\/blog\/wp-json\/wp\/v2\/tags?post=1872"}],"curies":[{"name":"wp","href":"https:\/\/api.w.org\/{rel}","templated":true}]}}