{"id":1707,"date":"2012-11-30T14:27:35","date_gmt":"2012-11-30T13:27:35","guid":{"rendered":"https:\/\/butikcmyk.dk\/blog\/?p=1707"},"modified":"2012-11-30T14:29:48","modified_gmt":"2012-11-30T13:29:48","slug":"vinduestegning-my-buemann-tegner-live-pa-sondag-kl-12","status":"publish","type":"post","link":"https:\/\/butikcmyk.dk\/blog\/2012\/posters-plakater-a4\/vinduestegning-my-buemann-tegner-live-pa-sondag-kl-12\/","title":{"rendered":"Vinduestegning &#8211; My Buemann tegner live &#8211; s\u00f8ndag kl 12"},"content":{"rendered":"<p><a href=\"https:\/\/butikcmyk.dk\/blog\/wp-content\/uploads\/2012\/11\/My-Buemann-vinduestegning-i-CMYKkld-2th-dec-2012-small.jpg\"><img loading=\"lazy\" decoding=\"async\" class=\"alignnone size-full wp-image-1708\" title=\"My Buemann vinduestegning i CMYKkld 2th dec 2012 small\" src=\"https:\/\/butikcmyk.dk\/blog\/wp-content\/uploads\/2012\/11\/My-Buemann-vinduestegning-i-CMYKkld-2th-dec-2012-small.jpg\" alt=\"\" width=\"512\" height=\"746\" srcset=\"https:\/\/butikcmyk.dk\/blog\/wp-content\/uploads\/2012\/11\/My-Buemann-vinduestegning-i-CMYKkld-2th-dec-2012-small.jpg 512w, https:\/\/butikcmyk.dk\/blog\/wp-content\/uploads\/2012\/11\/My-Buemann-vinduestegning-i-CMYKkld-2th-dec-2012-small-205x300.jpg 205w\" sizes=\"auto, (max-width: 512px) 85vw, 512px\" \/><br \/>\n<\/a>\u200e&#8230;i anledning af <a href=\"https:\/\/butikcmyk.dk\/blog\/2012\/street-events-jaegersborggade\/juledage-i-jaegersborggade-2\/\">juledage i J\u00e6gersborggade<\/a> tegner MY BUEMANN live p\u00e5 vinduet i CMYKkld (j\u00e6gersborggade 51) p\u00e5 s\u00f8ndag kl 12.<\/p>\n<p>&nbsp;<\/p>\n","protected":false},"excerpt":{"rendered":"<p>\u200e&#8230;i anledning af juledage i J\u00e6gersborggade tegner MY BUEMANN live p\u00e5 vinduet i CMYKkld (j\u00e6gersborggade 51) p\u00e5 s\u00f8ndag kl 12. &nbsp;<\/p>\n","protected":false},"author":2,"featured_media":0,"comment_status":"closed","ping_status":"closed","sticky":false,"template":"","format":"standard","meta":{"footnotes":""},"categories":[5],"tags":[],"class_list":["post-1707","post","type-post","status-publish","format-standard","hentry","category-posters-plakater-a4"],"_links":{"self":[{"href":"https:\/\/butikcmyk.dk\/blog\/wp-json\/wp\/v2\/posts\/1707","targetHints":{"allow":["GET"]}}],"collection":[{"href":"https:\/\/butikcmyk.dk\/blog\/wp-json\/wp\/v2\/posts"}],"about":[{"href":"https:\/\/butikcmyk.dk\/blog\/wp-json\/wp\/v2\/types\/post"}],"author":[{"embeddable":true,"href":"https:\/\/butikcmyk.dk\/blog\/wp-json\/wp\/v2\/users\/2"}],"replies":[{"embeddable":true,"href":"https:\/\/butikcmyk.dk\/blog\/wp-json\/wp\/v2\/comments?post=1707"}],"version-history":[{"count":3,"href":"https:\/\/butikcmyk.dk\/blog\/wp-json\/wp\/v2\/posts\/1707\/revisions"}],"predecessor-version":[{"id":1711,"href":"https:\/\/butikcmyk.dk\/blog\/wp-json\/wp\/v2\/posts\/1707\/revisions\/1711"}],"wp:attachment":[{"href":"https:\/\/butikcmyk.dk\/blog\/wp-json\/wp\/v2\/media?parent=1707"}],"wp:term":[{"taxonomy":"category","embeddable":true,"href":"https:\/\/butikcmyk.dk\/blog\/wp-json\/wp\/v2\/categories?post=1707"},{"taxonomy":"post_tag","embeddable":true,"href":"https:\/\/butikcmyk.dk\/blog\/wp-json\/wp\/v2\/tags?post=1707"}],"curies":[{"name":"wp","href":"https:\/\/api.w.org\/{rel}","templated":true}]}}