{"id":1702,"date":"2012-11-29T00:21:14","date_gmt":"2012-11-28T23:21:14","guid":{"rendered":"https:\/\/butikcmyk.dk\/blog\/?p=1702"},"modified":"2012-11-29T00:23:02","modified_gmt":"2012-11-28T23:23:02","slug":"juledage-i-jaegersborggade-2","status":"publish","type":"post","link":"https:\/\/butikcmyk.dk\/blog\/2012\/posters-plakater-a4\/juledage-i-jaegersborggade-2\/","title":{"rendered":"Juledage i J\u00e6gersborggade"},"content":{"rendered":"<p>&#8211; vi holder \u00e5bent fra kl 11 til 16 b\u00e5de l\u00f8rdag &amp; s\u00f8ndag :-).<a href=\"https:\/\/butikcmyk.dk\/blog\/wp-content\/uploads\/2012\/11\/JULEDAGE-i-J\u00c6GERSBORGGADE-2012.jpg\"><img loading=\"lazy\" decoding=\"async\" class=\"alignnone size-full wp-image-1703\" title=\"JULEDAGE i J\u00c6GERSBORGGADE 2012\" src=\"https:\/\/butikcmyk.dk\/blog\/wp-content\/uploads\/2012\/11\/JULEDAGE-i-J\u00c6GERSBORGGADE-2012.jpg\" alt=\"\" width=\"680\" height=\"960\" srcset=\"https:\/\/butikcmyk.dk\/blog\/wp-content\/uploads\/2012\/11\/JULEDAGE-i-J\u00c6GERSBORGGADE-2012.jpg 680w, https:\/\/butikcmyk.dk\/blog\/wp-content\/uploads\/2012\/11\/JULEDAGE-i-J\u00c6GERSBORGGADE-2012-212x300.jpg 212w\" sizes=\"auto, (max-width: 709px) 85vw, (max-width: 909px) 67vw, (max-width: 984px) 61vw, (max-width: 1362px) 45vw, 600px\" \/><\/a><br \/>\n&#8211; se detaljer p\u00e5 gadens egen hjemmeside <strong><a href=\"http:\/\/jaegersborggade.com\/wpAB\/\">her<\/a><\/strong><a href=\"http:\/\/jaegersborggade.com\/wpAB\/\">\u00a0<\/a>eller p\u00e5 facebook<a href=\"http:\/\/www.facebook.com\/events\/391480380931030\/\" target=\"_blank\"><strong> her<\/strong><\/a><\/p>\n","protected":false},"excerpt":{"rendered":"<p>&#8211; vi holder \u00e5bent fra kl 11 til 16 b\u00e5de l\u00f8rdag &amp; s\u00f8ndag :-). &#8211; se detaljer p\u00e5 gadens egen hjemmeside her\u00a0eller p\u00e5 facebook her<\/p>\n","protected":false},"author":2,"featured_media":0,"comment_status":"closed","ping_status":"closed","sticky":false,"template":"","format":"standard","meta":{"footnotes":""},"categories":[5],"tags":[],"class_list":["post-1702","post","type-post","status-publish","format-standard","hentry","category-posters-plakater-a4"],"_links":{"self":[{"href":"https:\/\/butikcmyk.dk\/blog\/wp-json\/wp\/v2\/posts\/1702","targetHints":{"allow":["GET"]}}],"collection":[{"href":"https:\/\/butikcmyk.dk\/blog\/wp-json\/wp\/v2\/posts"}],"about":[{"href":"https:\/\/butikcmyk.dk\/blog\/wp-json\/wp\/v2\/types\/post"}],"author":[{"embeddable":true,"href":"https:\/\/butikcmyk.dk\/blog\/wp-json\/wp\/v2\/users\/2"}],"replies":[{"embeddable":true,"href":"https:\/\/butikcmyk.dk\/blog\/wp-json\/wp\/v2\/comments?post=1702"}],"version-history":[{"count":3,"href":"https:\/\/butikcmyk.dk\/blog\/wp-json\/wp\/v2\/posts\/1702\/revisions"}],"predecessor-version":[{"id":1706,"href":"https:\/\/butikcmyk.dk\/blog\/wp-json\/wp\/v2\/posts\/1702\/revisions\/1706"}],"wp:attachment":[{"href":"https:\/\/butikcmyk.dk\/blog\/wp-json\/wp\/v2\/media?parent=1702"}],"wp:term":[{"taxonomy":"category","embeddable":true,"href":"https:\/\/butikcmyk.dk\/blog\/wp-json\/wp\/v2\/categories?post=1702"},{"taxonomy":"post_tag","embeddable":true,"href":"https:\/\/butikcmyk.dk\/blog\/wp-json\/wp\/v2\/tags?post=1702"}],"curies":[{"name":"wp","href":"https:\/\/api.w.org\/{rel}","templated":true}]}}